{"tema_id":"27881","string":"Conf\u00e9d\u00e9ration g\u00e9n\u00e9rale des syndiqu\u00e9s du Congo belge","created":"2026-04-09 20:09:08","code":null}