{"tema_id":"27888","string":"Conf\u00e9d\u00e9ration g\u00e9n\u00e9rale du travail de Belgique. Semaine syndicale (1939 ; Seraing, Belgique)","created":"2026-04-09 20:09:08","code":null}