{"tema_id":"27941","string":"Conf\u00e9rence mondiale contre le racisme, la discrimination raciale, la x\u00e9nophobie et l'intol\u00e9rance qui y est ass","created":"2026-04-09 20:09:08","code":null}