{"tema_id":"27942","string":"Conf\u00e9rence mondiale contre le racisme, la discrimination raciale, la x\u00e9nophobie et l'intol\u00e9rance qui y est associ\u00e9e (2001)","created":"2026-04-09 20:09:08","code":null}