{"tema_id":"27966","string":"Congr\u00e8s des \u00e9conomistes belges de langue fran\u00e7aise","created":"2026-04-09 20:09:08","code":null}