{"tema_id":"27979","string":"Congr\u00e8s et conf\u00e9rences--\u00c9ducation des adultes","created":"2026-04-09 20:09:08","code":null}