{"tema_id":"29453","string":"Enfants d'immigr\u00e9s--Sant\u00e9 et hygi\u00e8ne","created":"2026-04-09 20:09:08","code":null}