{"tema_id":"31295","string":"F\u00e9d\u00e9ration d\u00e9mocratique chr\u00e9tienne (Verviers, Belgique)","created":"2026-04-09 20:09:08","code":null}