{"tema_id":"31300","string":"F\u00e9d\u00e9ration g\u00e9n\u00e9rale du travail de Belgique, du Congo belge et du Ruandi-Urundi","created":"2026-04-09 20:09:08","code":null}