{"tema_id":"31309","string":"F\u00e9d\u00e9ration g\u00e9n\u00e9rale du travail de Belgique. R\u00e9gionale (Centre). Congr\u00e8s (1969 ; Jolimont, Belgique)","created":"2026-04-09 20:09:08","code":null}