{"tema_id":"31350","string":"F\u00e9d\u00e9ration nationale des habitants de cit\u00e9s (Belgique)","created":"2026-04-09 20:09:08","code":null}