{"tema_id":"31404","string":"F\u00e9d\u00e9ration pour la d\u00e9fense des int\u00e9r\u00eats belges \u00e0 l'\u00e9tranger","created":"2026-04-09 20:09:08","code":null}