{"tema_id":"31411","string":"F\u00e9d\u00e9ration rationaliste li\u00e9geoise (Belgique)","created":"2026-04-09 20:09:08","code":null}