{"tema_id":"31446","string":"F\u00e9d\u00e9ration syndicale internationale. Comit\u00e9 international des mineurs","created":"2026-04-09 20:09:08","code":null}