{"tema_id":"3588","string":"Bekaert, L\u00e9on","created":"2026-04-09 18:53:58","code":null,"notes":[{"@type":"Note d'application","@lang":"fr","@value":"Type : Nom de personne\n\nPr\u00e9sident de la F\u00e9d\u00e9ration des patrons catholiques de Belgique "}]}