{"tema_id":"41211","string":"Mus\u00e9e juif de la d\u00e9portation et de la r\u00e9sistance (Malines, Belgique)","created":"2026-04-09 20:09:08","code":null}