{"tema_id":"4370","string":"Belgique. Minist\u00e8re f\u00e9d\u00e9ral de l'emploi et du travail","created":"2026-04-09 18:53:58","code":null}