{"tema_id":"44375","string":"Politique de s\u00e9curit\u00e9 et de d\u00e9fense commune","created":"2026-04-09 20:09:08","code":null}