{"tema_id":"4490","string":"Belgique. Service public f\u00e9d\u00e9ral Emploi, travail et concertation sociale. Division g\u00e9n\u00e9rale du bien-\u00eatre au travail","created":"2026-04-09 18:53:58","code":null}