{"tema_id":"4499","string":"Belgisch vakverbond","created":"2026-04-09 18:53:58","code":null,"notes":[{"@type":"Note d'application","@lang":"fr","@value":"Type : Collectivit\u00e9\n\nNom en n\u00e9erlandais de la F\u00e9d\u00e9ration g\u00e9n\u00e9rale du travail de Belgique "}]}