{"tema_id":"45858","string":"Pr\u00e9sence et Action culturelles (Belgique). Locale (Ougr\u00e9e, Li\u00e8ge)","created":"2026-04-09 20:09:08","code":null}