{"tema_id":"45862","string":"Pr\u00e9sence et Action culturelles (Belgique). R\u00e9gionale (Vesdre-Ourthe-Ambl\u00e8ve)","created":"2026-04-09 20:09:08","code":null}