{"tema_id":"45864","string":"Pr\u00e9sence et Action culturelles. R\u00e9gionale (Li\u00e8ge)","created":"2026-04-09 20:09:08","code":null}