{"tema_id":"47363","string":"R\u00e9seau europ\u00e9en de lutte contre la pauvret\u00e9 et l'exclusion sociale","created":"2026-04-09 20:09:08","code":null}