{"tema_id":"50761","string":"Th\u00e9\u00e2tre de la Communaut\u00e9 (Seraing, Belgique)--Anniversaire--2014","created":"2026-04-09 20:09:08","code":null}