{"tema_id":"674","string":"Agriculture","created":"2026-04-09 18:53:58","code":null,"notes":[{"@type":"Note d'application","@lang":"fr","@value":"S'emploie en t\u00eate de vedette ou en subdivision \n\nS'emploie \u00e9galement en subdivision [+ subd g\u00e9ogr.] aux groupes ethniques\n\nVoir aussi la subdivision Carri\u00e8re -- Agriculture aux personnes\nVoir aussi la subdivision Cultures [+ subd. g\u00e9ogr.] aux \u00eatres vivants\nVoir aussi la subdivision \u00c9levage [+ subd. g\u00e9ogr.] aux \u00eatres vivants et groupes ethniques\nVoir aussi la subdivision Et l'agriculture aux collectivit\u00e9s et personnes "}]}