{"tema_id":"721","string":"Agus, Daniel (1923-....)","created":"2026-04-09 18:53:58","code":null,"notes":[{"@type":"Note d'application","@lang":"fr","@value":"Type : Nom de personne\n\n07\/08\/1923\n\nR\u00e9sistant\nD\u00e9port\u00e9 \u00e0 Buchenwald, Dora, Elrich, Wofleben "}]}