{"tema_id":"745","string":"Aide au d\u00e9veloppement \u00e9conomique r\u00e9gional--Belgique--Wallonie","created":"2026-04-09 18:53:58","code":null}