{"tema_id":"8127","string":"Centre d'information et d'\u00e9tudes sur les migrations m\u00e9diterran\u00e9ennes (Paris)","created":"2026-04-09 18:53:58","code":null,"notes":[{"@type":"Note d'application","@lang":"fr","@value":"Type : Collectivit\u00e9\n\nNation(s) : France\nLangue(s) : fran\u00e7ais\nResponsabilit\u00e9(s) exerc\u00e9e(s) sur les documents : Auteur\nNaissance : 1981-01 "}]}