{"tema_id":"829","string":"Alaluf, Mat\u00e9o","created":"2026-04-09 18:53:58","code":null,"notes":[{"@type":"Note d'application","@lang":"fr","@value":"Type : Nom de personne\n\nNationalit\u00e9(s) : Belgique\nLangue(s) : fran\u00e7ais\n\nSociologue\nProfesseur et directeur de recherches \u00e0 l'Universit\u00e9 libre de Bruxelles, Centre de sociologie et d'\u00e9conomie r\u00e9gionale (en 1986) "}]}