{"@context":{"dc":"http:\/\/purl.org\/dc\/elements\/1.1\/","skos":"http:\/\/www.w3.org\/2004\/02\/skos\/core#","skos:broader":{"@type":"@id"},"skos:inScheme":{"@type":"@id"},"skos:related":{"@type":"@id"},"skos:narrower":{"@type":"@id"},"skos:hasTopConcept":{"@type":"@id"},"skos:topConceptOf":{"@type":"@id"}},"@id":"https:\/\/ihoes.ideesculture.fr\/tematres\/vocab\/skos\/10001","@type":"skos:Concept","skos:prefLabel":{"@language":"fr","@value=":"Chev\u00e8nement, Jean-Pierre (1939-....)"},"skos:inScheme":"https:\/\/ihoes.ideesculture.fr\/tematres\/vocab\/","dct:created":"2026-04-09 18:53:58","skos:scopeNote":[{"@lang":"fr","@value":"Type : Nom de personne\n\nNationalit\u00e9(s) : France\nLangue(s) : fran\u00e7ais\nSexe : masculin\nResponsabilit\u00e9(s) exerc\u00e9e(s) sur les documents : Auteur, participant\nNaissance : 1939-03-09\n\n\u00c9conomiste et homme politique. - Ministre de l'Industrie et de la recherche (1981-1984), de l'\u00c9ducation nationale (1984-1986), de la D\u00e9fense (1989-1991), de l'Int\u00e9rieur (en 1997) "}]}