{"@context":{"dc":"http:\/\/purl.org\/dc\/elements\/1.1\/","skos":"http:\/\/www.w3.org\/2004\/02\/skos\/core#","skos:broader":{"@type":"@id"},"skos:inScheme":{"@type":"@id"},"skos:related":{"@type":"@id"},"skos:narrower":{"@type":"@id"},"skos:hasTopConcept":{"@type":"@id"},"skos:topConceptOf":{"@type":"@id"}},"@id":"https:\/\/ihoes.ideesculture.fr\/tematres\/vocab\/skos\/10245","@type":"skos:Concept","skos:prefLabel":{"@language":"fr","@value=":"Chosson, Jean-Fran\u00e7ois (1928-2003)"},"skos:inScheme":"https:\/\/ihoes.ideesculture.fr\/tematres\/vocab\/","dct:created":"2026-04-09 18:53:58","skos:scopeNote":[{"@lang":"fr","@value":"Type : Nom de personne\n\nNationalit\u00e9(s) : France\nLangue(s) : fran\u00e7ais\nSexe : masculin\nResponsabilit\u00e9(s) exerc\u00e9e(s) sur les documents : Auteur\nNaissance : 1928-05-31\nMort : 2003-01\n\nDocteur \u00e8s-lettres et sciences humaines (Toulouse 2, 1987). - Ma\u00eetre de conf\u00e9rences \u00e0 l'Institut national de promotion sup\u00e9rieure agricole de Dijon, pr\u00e9sident de l'Association \"Peuple et culture\" (1989-1995) "}]}