{"@context":{"dc":"http:\/\/purl.org\/dc\/elements\/1.1\/","skos":"http:\/\/www.w3.org\/2004\/02\/skos\/core#","skos:broader":{"@type":"@id"},"skos:inScheme":{"@type":"@id"},"skos:related":{"@type":"@id"},"skos:narrower":{"@type":"@id"},"skos:hasTopConcept":{"@type":"@id"},"skos:topConceptOf":{"@type":"@id"}},"@id":"https:\/\/ihoes.ideesculture.fr\/tematres\/vocab\/skos\/10524","@type":"skos:Concept","skos:prefLabel":{"@language":"fr","@value=":"Cit\u00e9 nationale de l&apos;histoire de l&apos;immigration (France)"},"skos:inScheme":"https:\/\/ihoes.ideesculture.fr\/tematres\/vocab\/","dct:created":"2026-04-09 18:53:58","skos:scopeNote":[{"@lang":"fr","@value":"Type : Collectivit\u00e9\n\nNation(s) : France\nType de la collectivit\u00e9 officielle : \u00e9tablissement public ou organisation publique \u00e0 caract\u00e8re non territorial\nLangue(s) : fran\u00e7ais\nResponsabilit\u00e9(s) exerc\u00e9e(s) sur les documents : Auteur, Producteur (autre que son ou audiovisuel) (Spectacle)\nNaissance : 2005\n\nA pour but de rassembler, sauvegarder, mettre en valeur et rendre accessible tous les \u00e9l\u00e9ments relatifs \u00e0 l'histoire et aux cultures de l'immigration en France, notamment depuis le 19e si\u00e8cle\n\nAdresse : Palais de la Porte Dor\u00e9e, 293 avenue Daumesnil, 75012 Paris. Contact : 01 53 59 58 60. T\u00e9l\u00e9copie : 01 53 59 58 66. Adresse \u00e9lectronique : info@histoire-immigration.fr\nSite internet de la collectivit\u00e9 : http:\/\/www.histoire-immigration.fr (2006-04-12) "}]}