{"@context":{"dc":"http:\/\/purl.org\/dc\/elements\/1.1\/","skos":"http:\/\/www.w3.org\/2004\/02\/skos\/core#","skos:broader":{"@type":"@id"},"skos:inScheme":{"@type":"@id"},"skos:related":{"@type":"@id"},"skos:narrower":{"@type":"@id"},"skos:hasTopConcept":{"@type":"@id"},"skos:topConceptOf":{"@type":"@id"}},"@id":"https:\/\/ihoes.ideesculture.fr\/tematres\/vocab\/skos\/11475","@type":"skos:Concept","skos:prefLabel":{"@language":"fr","@value=":"Combe, Sonia (1949-....)"},"skos:inScheme":"https:\/\/ihoes.ideesculture.fr\/tematres\/vocab\/","dct:created":"2026-04-09 18:53:58","skos:scopeNote":[{"@lang":"fr","@value":"Type : Nom de personne\n\nNationalit\u00e9(s) : France\nLangue(s) : fran\u00e7ais. A traduit de : allemand\nSexe : f\u00e9minin\nResponsabilit\u00e9(s) exerc\u00e9e(s) sur les documents : Auteur\nNaissance : 1949\n\nConservateur \u00e0 la Biblioth\u00e8que de documentation internationale contemporaine, BDIC, responsable du d\u00e9partement Archives et recherche (en 2003). - Directrice de la collection \"Histoire \u00e0 deux voix\" (en 2003). - Membre de l'Equipe de recherche \"M\u00e9moire grise \u00e0 l'Est\", BDIC, Universit\u00e9 de Paris X (en 1994). - Poursuit des enqu\u00eates en histoire orale sur la m\u00e9moire des anciens prisonniers des camps en Europe de l'Est (en 1994) "}]}