{"@context":{"dc":"http:\/\/purl.org\/dc\/elements\/1.1\/","skos":"http:\/\/www.w3.org\/2004\/02\/skos\/core#","skos:broader":{"@type":"@id"},"skos:inScheme":{"@type":"@id"},"skos:related":{"@type":"@id"},"skos:narrower":{"@type":"@id"},"skos:hasTopConcept":{"@type":"@id"},"skos:topConceptOf":{"@type":"@id"}},"@id":"https:\/\/ihoes.ideesculture.fr\/tematres\/vocab\/skos\/11579","@type":"skos:Concept","skos:prefLabel":{"@language":"fr","@value=":"Comit\u00e9 central du travail industriel (Belgique)"},"skos:inScheme":"https:\/\/ihoes.ideesculture.fr\/tematres\/vocab\/","dct:created":"2026-04-09 18:53:58","skos:scopeNote":[{"@lang":"fr","@value":"Type : Collectivit\u00e9\n\n1895-1913\nComit\u00e9 central industriel de Belgique (1913-1946)\nEn 1946, le Comit\u00e9 fut transform\u00e9 en F\u00e9d\u00e9ration des industries belges "}]}