{"@context":{"dc":"http:\/\/purl.org\/dc\/elements\/1.1\/","skos":"http:\/\/www.w3.org\/2004\/02\/skos\/core#","skos:broader":{"@type":"@id"},"skos:inScheme":{"@type":"@id"},"skos:related":{"@type":"@id"},"skos:narrower":{"@type":"@id"},"skos:hasTopConcept":{"@type":"@id"},"skos:topConceptOf":{"@type":"@id"}},"@id":"https:\/\/ihoes.ideesculture.fr\/tematres\/vocab\/skos\/11657","@type":"skos:Concept","skos:prefLabel":{"@language":"fr","@value=":"Comit\u00e9 de d\u00e9fense des victimes de la r\u00e9pression espagnole (France)"},"skos:inScheme":"https:\/\/ihoes.ideesculture.fr\/tematres\/vocab\/","dct:created":"2026-04-09 18:53:58","skos:scopeNote":[{"@lang":"fr","@value":"Type : Collectivit\u00e9\n\nNation(s) : France\nLangue(s) : fran\u00e7ais\nResponsabilit\u00e9(s) exerc\u00e9e(s) sur les documents : Auteur\n\nS'organise autour de la r\u00e9pression de 1909, visant notamment Francisco Ferrer, fondateur de l'\u00c9cole nouvelle \u00e0 Barcelone "}]}