{"@context":{"dc":"http:\/\/purl.org\/dc\/elements\/1.1\/","skos":"http:\/\/www.w3.org\/2004\/02\/skos\/core#","skos:broader":{"@type":"@id"},"skos:inScheme":{"@type":"@id"},"skos:related":{"@type":"@id"},"skos:narrower":{"@type":"@id"},"skos:hasTopConcept":{"@type":"@id"},"skos:topConceptOf":{"@type":"@id"}},"@id":"https:\/\/ihoes.ideesculture.fr\/tematres\/vocab\/skos\/11753","@type":"skos:Concept","skos:prefLabel":{"@language":"fr","@value=":"Comit\u00e9 europ\u00e9en pour la d\u00e9fense des r\u00e9fugi\u00e9s et immigr\u00e9s"},"skos:inScheme":"https:\/\/ihoes.ideesculture.fr\/tematres\/vocab\/","dct:created":"2026-04-09 18:53:58","skos:scopeNote":[{"@lang":"fr","@value":"Type : Collectivit\u00e9\n\nLangue(s) : multilingue\nResponsabilit\u00e9(s) exerc\u00e9e(s) sur les documents : Auteur\nNaissance : 1982-10-31\n\nAdresse : BP 42, 04300 Forcalquier. T\u00e9l. 92.75.14.43\nMissionstrasse 35, Postfach 2780, 4002 B\u00e2le "}]}