{"@context":{"dc":"http:\/\/purl.org\/dc\/elements\/1.1\/","skos":"http:\/\/www.w3.org\/2004\/02\/skos\/core#","skos:broader":{"@type":"@id"},"skos:inScheme":{"@type":"@id"},"skos:related":{"@type":"@id"},"skos:narrower":{"@type":"@id"},"skos:hasTopConcept":{"@type":"@id"},"skos:topConceptOf":{"@type":"@id"}},"@id":"https:\/\/ihoes.ideesculture.fr\/tematres\/vocab\/skos\/11756","@type":"skos:Concept","skos:prefLabel":{"@language":"fr","@value=":"Comit\u00e9 fran\u00e7ais pour la solidarit\u00e9 internationale"},"skos:inScheme":"https:\/\/ihoes.ideesculture.fr\/tematres\/vocab\/","dct:created":"2026-04-09 18:53:58","skos:scopeNote":[{"@lang":"fr","@value":"Type : Collectivit\u00e9\n\nNation(s) : France\nLangue(s) : fran\u00e7ais\nResponsabilit\u00e9(s) exerc\u00e9e(s) sur les documents : Auteur, Editeur, Distributeur (Image anim\u00e9e), Producteur audiovisuel\nNaissance : 1960\n\nChangement d'intitul\u00e9 en mai 1995\n\nAdresse : 32 rue Le Peletier, 75009 Paris. Contact : 01 44 83 88 50 ; 01 44 83 88 79. Adresse \u00e9lectronique : info@cfsi.asso.fr.\nSite internet de la collectivit\u00e9 : http:\/\/www.cfsi.asso.fr\/ (2007-08-09) "}],"skos:altLabel":[{"language":"fr","value":"CFCF"},{"language":"fr","value":"CFSI"},{"language":"fr","value":"Comit\u00e9 fran\u00e7ais contre la faim"}]}