{"@context":{"dc":"http:\/\/purl.org\/dc\/elements\/1.1\/","skos":"http:\/\/www.w3.org\/2004\/02\/skos\/core#","skos:broader":{"@type":"@id"},"skos:inScheme":{"@type":"@id"},"skos:related":{"@type":"@id"},"skos:narrower":{"@type":"@id"},"skos:hasTopConcept":{"@type":"@id"},"skos:topConceptOf":{"@type":"@id"}},"@id":"https:\/\/ihoes.ideesculture.fr\/tematres\/vocab\/skos\/11772","@type":"skos:Concept","skos:prefLabel":{"@language":"fr","@value=":"Comit\u00e9 intergouvernemental pour les migrations europ\u00e9ennes"},"skos:inScheme":"https:\/\/ihoes.ideesculture.fr\/tematres\/vocab\/","dct:created":"2026-04-09 18:53:58","skos:scopeNote":[{"@lang":"fr","@value":"Type : Collectivit\u00e9\n\ndu 15\/11\/1952 au 20\/11\/1980\n\nS'appelait pr\u00e9c\u00e9demment le Comit\u00e9 intergouvernemental provisoire pour les mouvements migratoires d'Europe.\nA chang\u00e9 de nom de 1980 pour s'appeler le Comit\u00e9 intergouvernemental pour les migrations "}],"skos:altLabel":[{"language":"fr","value":"CIME"}]}