{"@context":{"dc":"http:\/\/purl.org\/dc\/elements\/1.1\/","skos":"http:\/\/www.w3.org\/2004\/02\/skos\/core#","skos:broader":{"@type":"@id"},"skos:inScheme":{"@type":"@id"},"skos:related":{"@type":"@id"},"skos:narrower":{"@type":"@id"},"skos:hasTopConcept":{"@type":"@id"},"skos:topConceptOf":{"@type":"@id"}},"@id":"https:\/\/ihoes.ideesculture.fr\/tematres\/vocab\/skos\/12289","@type":"skos:Concept","skos:prefLabel":{"@language":"fr","@value=":"Communaut\u00e9 fran\u00e7aise de Belgique. Cin\u00e9math\u00e8que"},"skos:inScheme":"https:\/\/ihoes.ideesculture.fr\/tematres\/vocab\/","dct:created":"2026-04-09 18:53:58","skos:scopeNote":[{"@lang":"fr","@value":"Type : Collectivit\u00e9\n\nBelgique \n\nType de la collectivit\u00e9 officielle :  \u00e9tablissement public ou organisation publique \u00e0 caract\u00e8re non territorial \n\nLangue(s) :  fran\u00e7ais \n\nNaissance :  1946-01 \n\n\u00c0 l'origine, filmoth\u00e8que du Service cin\u00e9matographique du Minist\u00e8re de l'Instruction publique, devenu minist\u00e8re de l'\u00c9ducation nationale et de la culture en 1961, jusqu'\u00e0 sa scission en 1962. Joue un r\u00f4le de m\u00e9diateur p\u00e9dagogique avec la mise \u00e0 disposition de ses collections aupr\u00e8s des \u00e9coles, associations sociales et culturelles, mouvements de jeunesse et d'\u00e9ducation permanente. R\u00e9alise \u00e9galement des m\u00e9dias \u00e9ducatifs et constitue une collection consacr\u00e9e \u00e0 des cin\u00e9astes belges et aux m\u00e9tiers du cin\u00e9ma \n\nAdresse :  Boulevard L\u00e9opold II 44, 1080 Bruxelles. Adresse \u00e9lectronique : cinematheque@cfwb.be \n\nSite internet de la collectivit\u00e9 :   http:\/\/www.cinematheque.cfwb.be (2012-04-02) "}],"skos:altLabel":[{"language":"fr","value":"Cin\u00e9math\u00e8que de la communaut\u00e9 fran\u00e7aise de Belgique"},{"language":"fr","value":"Cin\u00e9math\u00e8que de la F\u00e9d\u00e9ration Wallonie-Bruxelles"}]}