{"@context":{"dc":"http:\/\/purl.org\/dc\/elements\/1.1\/","skos":"http:\/\/www.w3.org\/2004\/02\/skos\/core#","skos:broader":{"@type":"@id"},"skos:inScheme":{"@type":"@id"},"skos:related":{"@type":"@id"},"skos:narrower":{"@type":"@id"},"skos:hasTopConcept":{"@type":"@id"},"skos:topConceptOf":{"@type":"@id"}},"@id":"https:\/\/ihoes.ideesculture.fr\/tematres\/vocab\/skos\/12327","@type":"skos:Concept","skos:prefLabel":{"@language":"fr","@value=":"Communaut\u00e9 fran\u00e7aise de Belgique. Service g\u00e9n\u00e9ral de l&apos;audiovisuel et des multim\u00e9dias. Centre du cin\u00e9ma et de l&apos;audiovisuel"},"skos:inScheme":"https:\/\/ihoes.ideesculture.fr\/tematres\/vocab\/","dct:created":"2026-04-09 18:53:58"}