{"@context":{"dc":"http:\/\/purl.org\/dc\/elements\/1.1\/","skos":"http:\/\/www.w3.org\/2004\/02\/skos\/core#","skos:broader":{"@type":"@id"},"skos:inScheme":{"@type":"@id"},"skos:related":{"@type":"@id"},"skos:narrower":{"@type":"@id"},"skos:hasTopConcept":{"@type":"@id"},"skos:topConceptOf":{"@type":"@id"}},"@id":"https:\/\/ihoes.ideesculture.fr\/tematres\/vocab\/skos\/12363","@type":"skos:Concept","skos:prefLabel":{"@language":"fr","@value=":"Communaut\u00e9s europ\u00e9ennes. Bureau de repr\u00e9sentation (France)"},"skos:inScheme":"https:\/\/ihoes.ideesculture.fr\/tematres\/vocab\/","dct:created":"2026-04-09 18:53:58","skos:scopeNote":[{"@lang":"fr","@value":"Type : Collectivit\u00e9\n\nNation(s) : intergouvernemental\nType de la collectivit\u00e9 officielle : organisation intergouvernementale\nLangue(s) : multilingue\nResponsabilit\u00e9(s) exerc\u00e9e(s) sur les documents : Auteur\n\nAdresse : 288 bd Saint-Germain, 75007 Paris. T\u00e9l. 40.63.38.00 "}],"skos:altLabel":[{"language":"fr","value":"Communaut\u00e9s europ\u00e9ennes (Bruxelles). Information (Bureau ; Paris)"},{"language":"fr","value":"Communaut\u00e9s europ\u00e9ennes (Bruxelles). Informations (Bureau ; Paris)"},{"language":"fr","value":"Communaut\u00e9s europ\u00e9ennes. Bureau d'information (France)"},{"language":"fr","value":"Communaut\u00e9s europ\u00e9ennes. Bureau d'informations (France)"},{"language":"fr","value":"Communaut\u00e9s europ\u00e9ennes. Bureau de presse et d'information pour la France"},{"language":"fr","value":"Communaut\u00e9s europ\u00e9ennes. Bureau de repr\u00e9sentation en France"},{"language":"fr","value":"Communaut\u00e9s europ\u00e9ennes. Information (Bureau ; Paris)"}]}