{"@context":{"dc":"http:\/\/purl.org\/dc\/elements\/1.1\/","skos":"http:\/\/www.w3.org\/2004\/02\/skos\/core#","skos:broader":{"@type":"@id"},"skos:inScheme":{"@type":"@id"},"skos:related":{"@type":"@id"},"skos:narrower":{"@type":"@id"},"skos:hasTopConcept":{"@type":"@id"},"skos:topConceptOf":{"@type":"@id"}},"@id":"https:\/\/ihoes.ideesculture.fr\/tematres\/vocab\/skos\/12372","@type":"skos:Concept","skos:prefLabel":{"@language":"fr","@value=":"Communaut\u00e9s europ\u00e9ennes. Commission"},"skos:inScheme":"https:\/\/ihoes.ideesculture.fr\/tematres\/vocab\/","dct:created":"2026-04-09 18:53:58","skos:scopeNote":[{"@lang":"fr","@value":"Type : Collectivit\u00e9\n\n08\/04\/1965 - 01\/11\/1993\nNation(s) : intergouvernemental\nType de la collectivit\u00e9 officielle : organisation intergouvernementale\nLangue(s) : multilingue\n\nEmploi mati\u00e8re : \nPour l'indexation mati\u00e8re, utiliser seulement la derni\u00e8re forme de la vedette : Union europ\u00e9enne. Commission europ\u00e9enne\n\nTrait\u00e9 sign\u00e9 le 8-4-1965 \u00e0 Bruxelles. Remplace la Haute autorit\u00e9 de la CECA et en 1967 les Commissions de la CEE et de l'EURATOM\n\nVoir avant : Communaut\u00e9 europ\u00e9enne. Commission \nVoir avant : Communaut\u00e9 europ\u00e9enne du charbon et de l'acier. Commission \nApr\u00e8s le 1er novembre 1993, voir : Union europ\u00e9enne. Commission europ\u00e9enne "}],"skos:altLabel":[{"language":"fr","value":"CEC"},{"language":"fr","value":"Commission des communaut\u00e9s europ\u00e9ennes"},{"language":"fr","value":"Commission of the European communities"},{"language":"fr","value":"Communaut\u00e9s europ\u00e9ennes (Bruxelles). Commission"},{"language":"fr","value":"Communaut\u00e9s europ\u00e9ennes (Luxembourg). Commission"},{"language":"fr","value":"Communaut\u00e9s europ\u00e9ennes. Commissie"},{"language":"fr","value":"Communaut\u00e9s europ\u00e9ennes. Commissione"},{"language":"fr","value":"Communaut\u00e9s europ\u00e9ennes. Epitrop&#275;"},{"language":"fr","value":"Communaut\u00e9s europ\u00e9ennes. Kommission"},{"language":"fr","value":"Communaut\u00e9s europ\u00e9ennes. Kommissionen"}]}