{"@context":{"dc":"http:\/\/purl.org\/dc\/elements\/1.1\/","skos":"http:\/\/www.w3.org\/2004\/02\/skos\/core#","skos:broader":{"@type":"@id"},"skos:inScheme":{"@type":"@id"},"skos:related":{"@type":"@id"},"skos:narrower":{"@type":"@id"},"skos:hasTopConcept":{"@type":"@id"},"skos:topConceptOf":{"@type":"@id"}},"@id":"https:\/\/ihoes.ideesculture.fr\/tematres\/vocab\/skos\/12381","@type":"skos:Concept","skos:prefLabel":{"@language":"fr","@value=":"Communaut\u00e9s europ\u00e9ennes. Commission g\u00e9n\u00e9rale de la s\u00e9curit\u00e9 et de la salubrit\u00e9 dans la sid\u00e9rurgie"},"skos:inScheme":"https:\/\/ihoes.ideesculture.fr\/tematres\/vocab\/","dct:created":"2026-04-09 18:53:58","skos:scopeNote":[{"@lang":"fr","@value":"Type : Collectivit\u00e9\n\nType de la collectivit\u00e9 officielle :  organisation intergouvernementale \n\nLangue(s) :  multilingue  \n\nResponsabilit\u00e9(s) exerc\u00e9e(s) sur les documents :  Auteur "}],"skos:altLabel":[{"language":"fr","value":"Communaut\u00e9s europ\u00e9ennes (Bruxelles). Commission g\u00e9n\u00e9rale de la s\u00e9curit\u00e9 et de la salubrit\u00e9 dans la sid\u00e9rurgie"},{"language":"fr","value":"Communaut\u00e9s europ\u00e9ennes. Commission. Commission g\u00e9n\u00e9rale de la s\u00e9curit\u00e9 et de la salubrit\u00e9 dans la sid\u00e9rurgie"},{"language":"fr","value":"Communaut\u00e9s europ\u00e9ennes. Direction gen\u00e9rale Emploi, affaires sociales et \u00e9ducation. Commission g\u00e9n\u00e9rale de la s\u00e9curit\u00e9 et de la salubrit\u00e9 dans la sid\u00e9rurgie"}]}