{"@context":{"dc":"http:\/\/purl.org\/dc\/elements\/1.1\/","skos":"http:\/\/www.w3.org\/2004\/02\/skos\/core#","skos:broader":{"@type":"@id"},"skos:inScheme":{"@type":"@id"},"skos:related":{"@type":"@id"},"skos:narrower":{"@type":"@id"},"skos:hasTopConcept":{"@type":"@id"},"skos:topConceptOf":{"@type":"@id"}},"@id":"https:\/\/ihoes.ideesculture.fr\/tematres\/vocab\/skos\/15175","@type":"skos:Concept","skos:prefLabel":{"@language":"fr","@value=":"Crubellier, Maurice (1912-2002)"},"skos:inScheme":"https:\/\/ihoes.ideesculture.fr\/tematres\/vocab\/","dct:created":"2026-04-09 18:53:58","skos:scopeNote":[{"@lang":"fr","@value":"Type : Nom de personne\n\nNationalit\u00e9(s) : France\nLangue(s) : fran\u00e7ais\nSexe : masculin\nResponsabilit\u00e9(s) exerc\u00e9e(s) sur les documents : Auteur\nNaissance : 1912, Villeuve-Saint-Georges (Val-de-Marne)\nMort : 2002, Reims (Marne)\n\nHistorien. - Ancien \u00e9l\u00e8ve de l'\u00c9cole normale de Saint-Cloud. - Professeur d'histoire au lyc\u00e9e de Reims (1946-1963). - Docteur \u00e8s-lettres (1971). - Agr\u00e9g\u00e9 d'histoire et de g\u00e9ographie. - Fondateur du Centre de recherche \"\u00c9ducation et culture\" de l'universit\u00e9 de Reims (1978). - Professeur \u00e9m\u00e9rite \u00e0 l'Universit\u00e9 de Reims "}]}