{"@context":{"dc":"http:\/\/purl.org\/dc\/elements\/1.1\/","skos":"http:\/\/www.w3.org\/2004\/02\/skos\/core#","skos:broader":{"@type":"@id"},"skos:inScheme":{"@type":"@id"},"skos:related":{"@type":"@id"},"skos:narrower":{"@type":"@id"},"skos:hasTopConcept":{"@type":"@id"},"skos:topConceptOf":{"@type":"@id"}},"@id":"https:\/\/ihoes.ideesculture.fr\/tematres\/vocab\/skos\/1542","@type":"skos:Concept","skos:prefLabel":{"@language":"fr","@value=":"Ankara (Turquie)"},"skos:inScheme":"https:\/\/ihoes.ideesculture.fr\/tematres\/vocab\/","dct:created":"2026-04-09 18:53:58","skos:scopeNote":[{"@lang":"fr","@value":"Type : Nom g\u00e9ographique\n\nVedette mati\u00e8re nom g\u00e9ographique. S'emploie en t\u00eate de vedette ou en subdivision.  \n\nCapitale de la Turquie depuis le 1er octobre 1923 "}],"skos:altLabel":[{"language":"fr","value":"Ancyra (ville ancienne)"},{"language":"fr","value":"Ancyre (ville ancienne)"},{"language":"fr","value":"Angora (Turquie)"}]}