{"@context":{"dc":"http:\/\/purl.org\/dc\/elements\/1.1\/","skos":"http:\/\/www.w3.org\/2004\/02\/skos\/core#","skos:broader":{"@type":"@id"},"skos:inScheme":{"@type":"@id"},"skos:related":{"@type":"@id"},"skos:narrower":{"@type":"@id"},"skos:hasTopConcept":{"@type":"@id"},"skos:topConceptOf":{"@type":"@id"}},"@id":"https:\/\/ihoes.ideesculture.fr\/tematres\/vocab\/skos\/1700","@type":"skos:Concept","skos:prefLabel":{"@language":"fr","@value=":"Appel pour une \u00e9cole d\u00e9mocratique (Bruxelles)"},"skos:inScheme":"https:\/\/ihoes.ideesculture.fr\/tematres\/vocab\/","dct:created":"2026-04-09 18:53:58","skos:scopeNote":[{"@lang":"fr","@value":"Type : Collectivit\u00e9\n\nL\u2019Appel pour une \u00e9cole d\u00e9mocratique (Aped) est un mouvement Belge de r\u00e9flexion et d\u2019action qui milite en faveur du droit de tous les jeunes d\u2019acc\u00e9der \u00e0 des savoirs porteurs de compr\u00e9hension du monde et \u00e0 des comp\u00e9tences qui leur donnent force pour agir sur leur destin individuel et collectif. "}],"skos:altLabel":[{"language":"fr","value":"APED"}]}