{"@context":{"dc":"http:\/\/purl.org\/dc\/elements\/1.1\/","skos":"http:\/\/www.w3.org\/2004\/02\/skos\/core#","skos:broader":{"@type":"@id"},"skos:inScheme":{"@type":"@id"},"skos:related":{"@type":"@id"},"skos:narrower":{"@type":"@id"},"skos:hasTopConcept":{"@type":"@id"},"skos:topConceptOf":{"@type":"@id"}},"@id":"https:\/\/ihoes.ideesculture.fr\/tematres\/vocab\/skos\/1848","@type":"skos:Concept","skos:prefLabel":{"@language":"fr","@value=":"Ardenne (France)"},"skos:inScheme":"https:\/\/ihoes.ideesculture.fr\/tematres\/vocab\/","dct:created":"2026-04-09 18:53:58","skos:scopeNote":[{"@lang":"fr","@value":"Type : Nom g\u00e9ographique\n\nVedette mati\u00e8re nom g\u00e9ographique . S'emploie en t\u00eate de vedette ou en subdivision \n\nPartie fran\u00e7aise du massif de l'Ardenne, comprenant le nord du d\u00e9partement des Ardennes (au N. de Charleville-M\u00e9zi\u00e8res) et le NE de l'Aisne (for\u00eat d'Hirson)\n\n"}]}