{"@context":{"dc":"http:\/\/purl.org\/dc\/elements\/1.1\/","skos":"http:\/\/www.w3.org\/2004\/02\/skos\/core#","skos:broader":{"@type":"@id"},"skos:inScheme":{"@type":"@id"},"skos:related":{"@type":"@id"},"skos:narrower":{"@type":"@id"},"skos:hasTopConcept":{"@type":"@id"},"skos:topConceptOf":{"@type":"@id"}},"@id":"https:\/\/ihoes.ideesculture.fr\/tematres\/vocab\/skos\/1876","@type":"skos:Concept","skos:prefLabel":{"@language":"fr","@value=":"Ari\u00e8s, Philippe (1914-1984)"},"skos:inScheme":"https:\/\/ihoes.ideesculture.fr\/tematres\/vocab\/","dct:created":"2026-04-09 18:53:58","skos:scopeNote":[{"@lang":"fr","@value":"Type : Nom de personne\n\n21\/07\/1914 (Blois, France)-08\/02\/1984 (Toulouse, France)\nNationalit\u00e9(s) : France\nLangue(s) : fran\u00e7ais\nSexe : masculin\n\nHistorien des mentalit\u00e9s\nDirecteur du centre de documentation de l'Institut fran\u00e7ais de recherches fruiti\u00e8res d'outre-mer (de 1943 \u00e0 1979)\nDirecteur d'\u00e9tudes \u00e0 l'\u00c9cole des hautes \u00e9tudes en sciences sociales (1978-1984) "}]}