{"@context":{"dc":"http:\/\/purl.org\/dc\/elements\/1.1\/","skos":"http:\/\/www.w3.org\/2004\/02\/skos\/core#","skos:broader":{"@type":"@id"},"skos:inScheme":{"@type":"@id"},"skos:related":{"@type":"@id"},"skos:narrower":{"@type":"@id"},"skos:hasTopConcept":{"@type":"@id"},"skos:topConceptOf":{"@type":"@id"}},"@id":"https:\/\/ihoes.ideesculture.fr\/tematres\/vocab\/skos\/19025","@type":"skos:Concept","skos:prefLabel":{"@language":"fr","@value=":"Electrabel"},"skos:inScheme":"https:\/\/ihoes.ideesculture.fr\/tematres\/vocab\/","dct:created":"2026-04-09 18:53:58","skos:scopeNote":[{"@lang":"fr","@value":"Type : Collectivit\u00e9\n\nNation(s) :  Belgique\n Langue(s) :  anglais\n Responsabilit\u00e9(s) exerc\u00e9e(s) sur les documents :  Auteur\n Naissance :  1990-07-10\n\nSoci\u00e9t\u00e9 sp\u00e9cialis\u00e9e dans la production et la distribution d'\u00e9lectricit\u00e9 et de gaz naturel\n\n Adresse :  Boulevard du R\u00e9gent 8, 1000 Brussels. Contact : 02\/ 518 61 11. T\u00e9l\u00e9copie : 02\/ 518 64 00\n Site internet de la collectivit\u00e9 :  http:\/\/www.electrabel.com (2007-01-26) "}]}